{"id":105,"date":"2023-07-12T14:10:40","date_gmt":"2023-07-12T20:10:40","guid":{"rendered":"https:\/\/tela-termica.net\/?p=105"},"modified":"2023-09-20T18:07:16","modified_gmt":"2023-09-21T00:07:16","slug":"objetivo-de-la-tela-termica-agricola","status":"publish","type":"post","link":"https:\/\/tela-termica.net\/index.php\/2023\/07\/12\/objetivo-de-la-tela-termica-agricola\/","title":{"rendered":"Objetivo de la tela t\u00e9rmica agr\u00edcola"},"content":{"rendered":"\n<p>Esta tela est\u00e1 fabricada con una mezcla de materiales que la hacen resistente a la luz, el calor y el humo. Esta mezcla de materiales incluye pol\u00edmeros, materiales sint\u00e9ticos, tela tratada con productos qu\u00edmicos y materiales naturales. Esta mezcla genera un material resistente a los efectos del clima, capaz de proteger y extender los cultivos. La superioridad de la tela <a href=\"https:\/\/www.hortomallas.com\/categoria-producto\/mantas-termicas\/\">t\u00e9rmica<\/a> agr\u00edcola con respecto a las telas convencionales se debe a su capacidad de reflejar y bloquear los efectos adversos de la luz solar. Al reflejar los rayos ultravioletas, la tela protege los cultivos contra la radiaci\u00f3n y la deshidrataci\u00f3n. Tambi\u00e9n ayuda a mantener la temperatura a un nivel en el que los cultivos se desarrollan mejor.<\/p>\n\n\n\n<h2 class=\"wp-block-heading\">Alta resistencia.<\/h2>\n\n\n\n<p>La alta resistencia de la tela tambi\u00e9n permite que los cultivos respiren, lo que significa que las c\u00e9lulas de los vegetales se expanden y se contraen en el transcurso de un d\u00eda. Esto ciertamente ayuda a prevenir la aparici\u00f3n de enfermedades en los cultivos, tales como la roya, la mancha, el moho y la fusariosis. Es f\u00e1cil de instalar, ya que est\u00e1 dise\u00f1ada para cubrir y proteger los cultivos en una variedad de entornos. Se puede aplicar directamente al suelo o a las estructuras de los invernaderos. Tambi\u00e9n es esencial para el control de plagas, puesto que ayuda a prevenir la entrada de los insectos en el invernadero y mejora la recuperaci\u00f3n del medio ambiente si se usa productos qu\u00edmicos para el control de plagas.<\/p>\n\n\n<div class=\"wp-block-image\">\n<figure class=\"aligncenter size-full is-resized\"><img loading=\"lazy\" decoding=\"async\" src=\"https:\/\/tela-termica.net\/wp-content\/uploads\/2023\/09\/tela-termica.net-45-1.png\" alt=\"\" class=\"wp-image-141\" width=\"740\" height=\"441\" srcset=\"https:\/\/tela-termica.net\/wp-content\/uploads\/2023\/09\/tela-termica.net-45-1.png 1022w, https:\/\/tela-termica.net\/wp-content\/uploads\/2023\/09\/tela-termica.net-45-1-300x179.png 300w, https:\/\/tela-termica.net\/wp-content\/uploads\/2023\/09\/tela-termica.net-45-1-768x458.png 768w, https:\/\/tela-termica.net\/wp-content\/uploads\/2023\/09\/tela-termica.net-45-1-101x60.png 101w\" sizes=\"auto, (max-width: 740px) 100vw, 740px\" \/><\/figure><\/div>\n\n\n<h2 class=\"wp-block-heading\">Caracter\u00edsticas que debe cumplir una manta t\u00e9rmica agr\u00edcola de calidad<\/h2>\n\n\n\n<p>El desarrollo de productos espec\u00edficos para la agricultura necesita de materiales resistentes con caracter\u00edsticas de m\u00e1xima calidad. Para garantizar el buen desempe\u00f1o de los cultivos, es necesario implementar tejidos t\u00e9rmicos espec\u00edficos para proporcionarle al cultivo un entorno adecuado y proteger las plantas de los elementos abi\u00f3ticos externos no deseados como el viento, la lluvia o el calor. Una tela <a href=\"http:\/\/tela-termica.net\">t\u00e9rmica agr\u00edcola<\/a> deber\u00eda tener una variedad de caracter\u00edsticas intr\u00ednsecas para hacer frente a los factores ambientales externos que pueden afectar a los cultivos. En primer lugar, la <em>tela t\u00e9rmica<\/em> agr\u00edcola debe tener una buena resistencia a la abrasi\u00f3n, lo cual le permitir\u00e1 soportar el impacto de los elementos biol\u00f3gicos, qu\u00edmicos y f\u00edsicos, como el viento, la lluvia, la temperatura elevada, la desecaci\u00f3n, la acidez, el calor y los animales. Esto garantiza un mayor rendimiento y un tiempo de vida \u00fatil mayor del producto.<\/p>\n\n\n\n<p>En segundo lugar, la <strong>tela t\u00e9rmica<\/strong> agr\u00edcola debe ser permeable al aire para permitir la absorci\u00f3n y liberaci\u00f3n del benceno, un compuesto org\u00e1nico vol\u00e1til t\u00f3xico y cancer\u00edgeno, para proteger a los trabajadores y al entorno circundante. Debe ser capaz de bloquear los rayos ultra violeta (UV) de la luz solar. La reducci\u00f3n de UV a un nivel adecuado evitar\u00e1 da\u00f1os en las plantas debido a enfermedades \u00f3pticas, como la fotoneumon\u00eda. Un tejido t\u00e9rmico para agricultura tambi\u00e9n debe ser lo suficientemente ligero para que los trabajadores puedan usarlo mientras realizan sus tareas diarias y mantener su movilidad. Debe ser resistente a la humedad, permitiendo que el suelo retenga la humedad necesaria para los cultivos sin que el tejido se detenga. Debe ser resistente al desgaste y ofrecer una buena resistencia a los insectos, el polvo, las enfermedades y los desastres naturales.<\/p>\n\n\n\n<h3 class=\"wp-block-heading\">Los tipos de tela t\u00e9rmica en la agricultura actual<\/h3>\n\n\n<div class=\"wp-block-image\">\n<figure class=\"alignleft size-large is-resized\"><img loading=\"lazy\" decoding=\"async\" src=\"https:\/\/tela-termica.net\/wp-content\/uploads\/2023\/09\/tela-termica.net-43-1024x1024.png\" alt=\"\" class=\"wp-image-138\" width=\"371\" height=\"371\" srcset=\"https:\/\/tela-termica.net\/wp-content\/uploads\/2023\/09\/tela-termica.net-43-1024x1024.png 1024w, https:\/\/tela-termica.net\/wp-content\/uploads\/2023\/09\/tela-termica.net-43-300x300.png 300w, https:\/\/tela-termica.net\/wp-content\/uploads\/2023\/09\/tela-termica.net-43-150x150.png 150w, https:\/\/tela-termica.net\/wp-content\/uploads\/2023\/09\/tela-termica.net-43-768x768.png 768w, https:\/\/tela-termica.net\/wp-content\/uploads\/2023\/09\/tela-termica.net-43-60x60.png 60w, https:\/\/tela-termica.net\/wp-content\/uploads\/2023\/09\/tela-termica.net-43.png 1080w\" sizes=\"auto, (max-width: 371px) 100vw, 371px\" \/><\/figure><\/div>\n\n\n<p>Las telas t\u00e9rmicas son materiales especializados usados en la agricultura moderna que presentan propiedades \u00fanicas para mantener el calor dentro de los invernaderos. Estas telas var\u00edan en configuraciones para satisfacer las diferentes necesidades que los cultivadores pueden tener para sus cosechas. El calor dentro de los invernaderos contribuye a mejorar la productividad de los cultivos al proporcionar un microclima ideal para una mejor fertilidad, mejores cosechas, almacenamiento y distribuci\u00f3n. Estas telas est\u00e1n dise\u00f1adas para proporcionar un buen equilibrio entre el aislamiento y la transmisi\u00f3n de calor. Uno de los tipos de telas t\u00e9rmicas comunes en agricultura es el l\u00e1tex natural. Esta tela est\u00e1 hecha de la savia de los \u00e1rboles Hevea brasiliation y presenta una flexibilidad excelente, lo que permite el mejoramiento t\u00e9rmico de los invernaderos. <\/p>\n\n\n\n<p>La tela se puede encuentrar en diferentes densidades y estructuras, lo cual lo hace ideal para temperaturas extremas. Adem\u00e1s, a diferencia de otras telas t\u00e9rmicas, el l\u00e1tex puede soportar hasta 220\u00b0F (104\u00b0C) sin da\u00f1ar el material. Poli\u00e9ster recubierto con l\u00e1tex. Esta tela tiene la misma flexibilidad y resistencia al calor del l\u00e1tex, pero adem\u00e1s ofrece resistencia mejorada a la intemperie, como lluvia, viento, nieve y heladas. Al igual que el l\u00e1tex, la tela es ideal para diferentes necesidades t\u00e9rmicas, lo cual la hace ideal para una amplia variedad de aplicaciones en invernaderos. Cloruro de vinilo, el cual es un pl\u00e1stico transparente y ligero con excelente resistencia al calor. Se puede moldear r\u00e1pidamente en cualquier forma y tiene excelentes propiedades aislantes t\u00e9rmicas. Esta tela puede soportar hasta 400\u00b0F (204\u00b0C) de temperatura sin desfavorecer la calidad de la tela.<\/p>\n","protected":false},"excerpt":{"rendered":"<p>Esta tela est\u00e1 fabricada con una mezcla de materiales que la hacen resistente a la luz, el calor y el humo. Esta mezcla de materiales incluye pol\u00edmeros, materiales sint\u00e9ticos, tela &hellip; <\/p>\n","protected":false},"author":2,"featured_media":139,"comment_status":"open","ping_status":"open","sticky":false,"template":"","format":"standard","meta":{"footnotes":""},"categories":[1],"tags":[],"class_list":["post-105","post","type-post","status-publish","format-standard","has-post-thumbnail","hentry","category-sin-categoria"],"yoast_head":"<!-- This site is optimized with the Yoast SEO plugin v26.2 - https:\/\/yoast.com\/wordpress\/plugins\/seo\/ -->\n<title>Tela t\u00e9rmica para protecci\u00f3n de cultivos del frio<\/title>\n<meta name=\"description\" content=\"La tela t\u00e9rmica es un material utilizado en la agricultura para proteger las plantas de las bajas temperaturas.\" \/>\n<meta name=\"robots\" content=\"index, follow, max-snippet:-1, max-image-preview:large, max-video-preview:-1\" \/>\n<link rel=\"canonical\" href=\"https:\/\/tela-termica.net\/index.php\/2023\/07\/12\/objetivo-de-la-tela-termica-agricola\/\" \/>\n<meta property=\"og:locale\" content=\"es_MX\" \/>\n<meta property=\"og:type\" content=\"article\" \/>\n<meta property=\"og:title\" content=\"Tela t\u00e9rmica para protecci\u00f3n de cultivos del frio\" \/>\n<meta property=\"og:description\" content=\"La tela t\u00e9rmica es un material utilizado en la agricultura para proteger las plantas de las bajas temperaturas.\" \/>\n<meta property=\"og:url\" content=\"https:\/\/tela-termica.net\/index.php\/2023\/07\/12\/objetivo-de-la-tela-termica-agricola\/\" \/>\n<meta property=\"og:site_name\" content=\"tela termica\" \/>\n<meta property=\"article:published_time\" content=\"2023-07-12T20:10:40+00:00\" \/>\n<meta property=\"article:modified_time\" content=\"2023-09-21T00:07:16+00:00\" \/>\n<meta property=\"og:image\" content=\"https:\/\/tela-termica.net\/wp-content\/uploads\/2023\/09\/tela-termica.net-38.png\" \/>\n\t<meta property=\"og:image:width\" content=\"1022\" \/>\n\t<meta property=\"og:image:height\" content=\"610\" \/>\n\t<meta property=\"og:image:type\" content=\"image\/png\" \/>\n<meta name=\"author\" content=\"editor\" \/>\n<meta name=\"twitter:card\" content=\"summary_large_image\" \/>\n<meta name=\"twitter:label1\" content=\"Escrito por\" \/>\n\t<meta name=\"twitter:data1\" content=\"editor\" \/>\n\t<meta name=\"twitter:label2\" content=\"Tiempo de lectura\" \/>\n\t<meta name=\"twitter:data2\" content=\"5 minutos\" \/>\n<script type=\"application\/ld+json\" class=\"yoast-schema-graph\">{\"@context\":\"https:\/\/schema.org\",\"@graph\":[{\"@type\":\"Article\",\"@id\":\"https:\/\/tela-termica.net\/index.php\/2023\/07\/12\/objetivo-de-la-tela-termica-agricola\/#article\",\"isPartOf\":{\"@id\":\"https:\/\/tela-termica.net\/index.php\/2023\/07\/12\/objetivo-de-la-tela-termica-agricola\/\"},\"author\":{\"name\":\"editor\",\"@id\":\"https:\/\/tela-termica.net\/#\/schema\/person\/68e3fc587a5c4b12c710d6a2c4fd6212\"},\"headline\":\"Objetivo de la tela t\u00e9rmica agr\u00edcola\",\"datePublished\":\"2023-07-12T20:10:40+00:00\",\"dateModified\":\"2023-09-21T00:07:16+00:00\",\"mainEntityOfPage\":{\"@id\":\"https:\/\/tela-termica.net\/index.php\/2023\/07\/12\/objetivo-de-la-tela-termica-agricola\/\"},\"wordCount\":891,\"commentCount\":0,\"publisher\":{\"@id\":\"https:\/\/tela-termica.net\/#organization\"},\"image\":{\"@id\":\"https:\/\/tela-termica.net\/index.php\/2023\/07\/12\/objetivo-de-la-tela-termica-agricola\/#primaryimage\"},\"thumbnailUrl\":\"https:\/\/tela-termica.net\/wp-content\/uploads\/2023\/09\/tela-termica.net-38.png\",\"inLanguage\":\"es\",\"potentialAction\":[{\"@type\":\"CommentAction\",\"name\":\"Comment\",\"target\":[\"https:\/\/tela-termica.net\/index.php\/2023\/07\/12\/objetivo-de-la-tela-termica-agricola\/#respond\"]}]},{\"@type\":\"WebPage\",\"@id\":\"https:\/\/tela-termica.net\/index.php\/2023\/07\/12\/objetivo-de-la-tela-termica-agricola\/\",\"url\":\"https:\/\/tela-termica.net\/index.php\/2023\/07\/12\/objetivo-de-la-tela-termica-agricola\/\",\"name\":\"Tela t\u00e9rmica para protecci\u00f3n de cultivos del frio\",\"isPartOf\":{\"@id\":\"https:\/\/tela-termica.net\/#website\"},\"primaryImageOfPage\":{\"@id\":\"https:\/\/tela-termica.net\/index.php\/2023\/07\/12\/objetivo-de-la-tela-termica-agricola\/#primaryimage\"},\"image\":{\"@id\":\"https:\/\/tela-termica.net\/index.php\/2023\/07\/12\/objetivo-de-la-tela-termica-agricola\/#primaryimage\"},\"thumbnailUrl\":\"https:\/\/tela-termica.net\/wp-content\/uploads\/2023\/09\/tela-termica.net-38.png\",\"datePublished\":\"2023-07-12T20:10:40+00:00\",\"dateModified\":\"2023-09-21T00:07:16+00:00\",\"description\":\"La tela t\u00e9rmica es un material utilizado en la agricultura para proteger las plantas de las bajas temperaturas.\",\"breadcrumb\":{\"@id\":\"https:\/\/tela-termica.net\/index.php\/2023\/07\/12\/objetivo-de-la-tela-termica-agricola\/#breadcrumb\"},\"inLanguage\":\"es\",\"potentialAction\":[{\"@type\":\"ReadAction\",\"target\":[\"https:\/\/tela-termica.net\/index.php\/2023\/07\/12\/objetivo-de-la-tela-termica-agricola\/\"]}]},{\"@type\":\"ImageObject\",\"inLanguage\":\"es\",\"@id\":\"https:\/\/tela-termica.net\/index.php\/2023\/07\/12\/objetivo-de-la-tela-termica-agricola\/#primaryimage\",\"url\":\"https:\/\/tela-termica.net\/wp-content\/uploads\/2023\/09\/tela-termica.net-38.png\",\"contentUrl\":\"https:\/\/tela-termica.net\/wp-content\/uploads\/2023\/09\/tela-termica.net-38.png\",\"width\":1022,\"height\":610},{\"@type\":\"BreadcrumbList\",\"@id\":\"https:\/\/tela-termica.net\/index.php\/2023\/07\/12\/objetivo-de-la-tela-termica-agricola\/#breadcrumb\",\"itemListElement\":[{\"@type\":\"ListItem\",\"position\":1,\"name\":\"Inicio\",\"item\":\"https:\/\/tela-termica.net\/\"},{\"@type\":\"ListItem\",\"position\":2,\"name\":\"Objetivo de la tela t\u00e9rmica agr\u00edcola\"}]},{\"@type\":\"WebSite\",\"@id\":\"https:\/\/tela-termica.net\/#website\",\"url\":\"https:\/\/tela-termica.net\/\",\"name\":\"tela termica\",\"description\":\"Ideal en la Protecci\u00f3n de Cultivos Contra las Heladas\",\"publisher\":{\"@id\":\"https:\/\/tela-termica.net\/#organization\"},\"potentialAction\":[{\"@type\":\"SearchAction\",\"target\":{\"@type\":\"EntryPoint\",\"urlTemplate\":\"https:\/\/tela-termica.net\/?s={search_term_string}\"},\"query-input\":{\"@type\":\"PropertyValueSpecification\",\"valueRequired\":true,\"valueName\":\"search_term_string\"}}],\"inLanguage\":\"es\"},{\"@type\":\"Organization\",\"@id\":\"https:\/\/tela-termica.net\/#organization\",\"name\":\"tela termica\",\"url\":\"https:\/\/tela-termica.net\/\",\"logo\":{\"@type\":\"ImageObject\",\"inLanguage\":\"es\",\"@id\":\"https:\/\/tela-termica.net\/#\/schema\/logo\/image\/\",\"url\":\"https:\/\/tela-termica.net\/wp-content\/uploads\/2023\/04\/cropped-cropped-INVERNAVELO-520x520-1-1.png\",\"contentUrl\":\"https:\/\/tela-termica.net\/wp-content\/uploads\/2023\/04\/cropped-cropped-INVERNAVELO-520x520-1-1.png\",\"width\":512,\"height\":171,\"caption\":\"tela termica\"},\"image\":{\"@id\":\"https:\/\/tela-termica.net\/#\/schema\/logo\/image\/\"}},{\"@type\":\"Person\",\"@id\":\"https:\/\/tela-termica.net\/#\/schema\/person\/68e3fc587a5c4b12c710d6a2c4fd6212\",\"name\":\"editor\",\"image\":{\"@type\":\"ImageObject\",\"inLanguage\":\"es\",\"@id\":\"https:\/\/tela-termica.net\/#\/schema\/person\/image\/\",\"url\":\"https:\/\/secure.gravatar.com\/avatar\/976d1059bb2fe0786ecd799994887bcc3b908b9b73851f5be9823727d3d2891e?s=96&d=mm&r=g\",\"contentUrl\":\"https:\/\/secure.gravatar.com\/avatar\/976d1059bb2fe0786ecd799994887bcc3b908b9b73851f5be9823727d3d2891e?s=96&d=mm&r=g\",\"caption\":\"editor\"},\"url\":\"https:\/\/tela-termica.net\/index.php\/author\/editor\/\"}]}<\/script>\n<!-- \/ Yoast SEO plugin. -->","yoast_head_json":{"title":"Tela t\u00e9rmica para protecci\u00f3n de cultivos del frio","description":"La tela t\u00e9rmica es un material utilizado en la agricultura para proteger las plantas de las bajas temperaturas.","robots":{"index":"index","follow":"follow","max-snippet":"max-snippet:-1","max-image-preview":"max-image-preview:large","max-video-preview":"max-video-preview:-1"},"canonical":"https:\/\/tela-termica.net\/index.php\/2023\/07\/12\/objetivo-de-la-tela-termica-agricola\/","og_locale":"es_MX","og_type":"article","og_title":"Tela t\u00e9rmica para protecci\u00f3n de cultivos del frio","og_description":"La tela t\u00e9rmica es un material utilizado en la agricultura para proteger las plantas de las bajas temperaturas.","og_url":"https:\/\/tela-termica.net\/index.php\/2023\/07\/12\/objetivo-de-la-tela-termica-agricola\/","og_site_name":"tela termica","article_published_time":"2023-07-12T20:10:40+00:00","article_modified_time":"2023-09-21T00:07:16+00:00","og_image":[{"width":1022,"height":610,"url":"https:\/\/tela-termica.net\/wp-content\/uploads\/2023\/09\/tela-termica.net-38.png","type":"image\/png"}],"author":"editor","twitter_card":"summary_large_image","twitter_misc":{"Escrito por":"editor","Tiempo de lectura":"5 minutos"},"schema":{"@context":"https:\/\/schema.org","@graph":[{"@type":"Article","@id":"https:\/\/tela-termica.net\/index.php\/2023\/07\/12\/objetivo-de-la-tela-termica-agricola\/#article","isPartOf":{"@id":"https:\/\/tela-termica.net\/index.php\/2023\/07\/12\/objetivo-de-la-tela-termica-agricola\/"},"author":{"name":"editor","@id":"https:\/\/tela-termica.net\/#\/schema\/person\/68e3fc587a5c4b12c710d6a2c4fd6212"},"headline":"Objetivo de la tela t\u00e9rmica agr\u00edcola","datePublished":"2023-07-12T20:10:40+00:00","dateModified":"2023-09-21T00:07:16+00:00","mainEntityOfPage":{"@id":"https:\/\/tela-termica.net\/index.php\/2023\/07\/12\/objetivo-de-la-tela-termica-agricola\/"},"wordCount":891,"commentCount":0,"publisher":{"@id":"https:\/\/tela-termica.net\/#organization"},"image":{"@id":"https:\/\/tela-termica.net\/index.php\/2023\/07\/12\/objetivo-de-la-tela-termica-agricola\/#primaryimage"},"thumbnailUrl":"https:\/\/tela-termica.net\/wp-content\/uploads\/2023\/09\/tela-termica.net-38.png","inLanguage":"es","potentialAction":[{"@type":"CommentAction","name":"Comment","target":["https:\/\/tela-termica.net\/index.php\/2023\/07\/12\/objetivo-de-la-tela-termica-agricola\/#respond"]}]},{"@type":"WebPage","@id":"https:\/\/tela-termica.net\/index.php\/2023\/07\/12\/objetivo-de-la-tela-termica-agricola\/","url":"https:\/\/tela-termica.net\/index.php\/2023\/07\/12\/objetivo-de-la-tela-termica-agricola\/","name":"Tela t\u00e9rmica para protecci\u00f3n de cultivos del frio","isPartOf":{"@id":"https:\/\/tela-termica.net\/#website"},"primaryImageOfPage":{"@id":"https:\/\/tela-termica.net\/index.php\/2023\/07\/12\/objetivo-de-la-tela-termica-agricola\/#primaryimage"},"image":{"@id":"https:\/\/tela-termica.net\/index.php\/2023\/07\/12\/objetivo-de-la-tela-termica-agricola\/#primaryimage"},"thumbnailUrl":"https:\/\/tela-termica.net\/wp-content\/uploads\/2023\/09\/tela-termica.net-38.png","datePublished":"2023-07-12T20:10:40+00:00","dateModified":"2023-09-21T00:07:16+00:00","description":"La tela t\u00e9rmica es un material utilizado en la agricultura para proteger las plantas de las bajas temperaturas.","breadcrumb":{"@id":"https:\/\/tela-termica.net\/index.php\/2023\/07\/12\/objetivo-de-la-tela-termica-agricola\/#breadcrumb"},"inLanguage":"es","potentialAction":[{"@type":"ReadAction","target":["https:\/\/tela-termica.net\/index.php\/2023\/07\/12\/objetivo-de-la-tela-termica-agricola\/"]}]},{"@type":"ImageObject","inLanguage":"es","@id":"https:\/\/tela-termica.net\/index.php\/2023\/07\/12\/objetivo-de-la-tela-termica-agricola\/#primaryimage","url":"https:\/\/tela-termica.net\/wp-content\/uploads\/2023\/09\/tela-termica.net-38.png","contentUrl":"https:\/\/tela-termica.net\/wp-content\/uploads\/2023\/09\/tela-termica.net-38.png","width":1022,"height":610},{"@type":"BreadcrumbList","@id":"https:\/\/tela-termica.net\/index.php\/2023\/07\/12\/objetivo-de-la-tela-termica-agricola\/#breadcrumb","itemListElement":[{"@type":"ListItem","position":1,"name":"Inicio","item":"https:\/\/tela-termica.net\/"},{"@type":"ListItem","position":2,"name":"Objetivo de la tela t\u00e9rmica agr\u00edcola"}]},{"@type":"WebSite","@id":"https:\/\/tela-termica.net\/#website","url":"https:\/\/tela-termica.net\/","name":"tela termica","description":"Ideal en la Protecci\u00f3n de Cultivos Contra las Heladas","publisher":{"@id":"https:\/\/tela-termica.net\/#organization"},"potentialAction":[{"@type":"SearchAction","target":{"@type":"EntryPoint","urlTemplate":"https:\/\/tela-termica.net\/?s={search_term_string}"},"query-input":{"@type":"PropertyValueSpecification","valueRequired":true,"valueName":"search_term_string"}}],"inLanguage":"es"},{"@type":"Organization","@id":"https:\/\/tela-termica.net\/#organization","name":"tela termica","url":"https:\/\/tela-termica.net\/","logo":{"@type":"ImageObject","inLanguage":"es","@id":"https:\/\/tela-termica.net\/#\/schema\/logo\/image\/","url":"https:\/\/tela-termica.net\/wp-content\/uploads\/2023\/04\/cropped-cropped-INVERNAVELO-520x520-1-1.png","contentUrl":"https:\/\/tela-termica.net\/wp-content\/uploads\/2023\/04\/cropped-cropped-INVERNAVELO-520x520-1-1.png","width":512,"height":171,"caption":"tela termica"},"image":{"@id":"https:\/\/tela-termica.net\/#\/schema\/logo\/image\/"}},{"@type":"Person","@id":"https:\/\/tela-termica.net\/#\/schema\/person\/68e3fc587a5c4b12c710d6a2c4fd6212","name":"editor","image":{"@type":"ImageObject","inLanguage":"es","@id":"https:\/\/tela-termica.net\/#\/schema\/person\/image\/","url":"https:\/\/secure.gravatar.com\/avatar\/976d1059bb2fe0786ecd799994887bcc3b908b9b73851f5be9823727d3d2891e?s=96&d=mm&r=g","contentUrl":"https:\/\/secure.gravatar.com\/avatar\/976d1059bb2fe0786ecd799994887bcc3b908b9b73851f5be9823727d3d2891e?s=96&d=mm&r=g","caption":"editor"},"url":"https:\/\/tela-termica.net\/index.php\/author\/editor\/"}]}},"amp_enabled":true,"_links":{"self":[{"href":"https:\/\/tela-termica.net\/index.php\/wp-json\/wp\/v2\/posts\/105","targetHints":{"allow":["GET"]}}],"collection":[{"href":"https:\/\/tela-termica.net\/index.php\/wp-json\/wp\/v2\/posts"}],"about":[{"href":"https:\/\/tela-termica.net\/index.php\/wp-json\/wp\/v2\/types\/post"}],"author":[{"embeddable":true,"href":"https:\/\/tela-termica.net\/index.php\/wp-json\/wp\/v2\/users\/2"}],"replies":[{"embeddable":true,"href":"https:\/\/tela-termica.net\/index.php\/wp-json\/wp\/v2\/comments?post=105"}],"version-history":[{"count":5,"href":"https:\/\/tela-termica.net\/index.php\/wp-json\/wp\/v2\/posts\/105\/revisions"}],"predecessor-version":[{"id":148,"href":"https:\/\/tela-termica.net\/index.php\/wp-json\/wp\/v2\/posts\/105\/revisions\/148"}],"wp:featuredmedia":[{"embeddable":true,"href":"https:\/\/tela-termica.net\/index.php\/wp-json\/wp\/v2\/media\/139"}],"wp:attachment":[{"href":"https:\/\/tela-termica.net\/index.php\/wp-json\/wp\/v2\/media?parent=105"}],"wp:term":[{"taxonomy":"category","embeddable":true,"href":"https:\/\/tela-termica.net\/index.php\/wp-json\/wp\/v2\/categories?post=105"},{"taxonomy":"post_tag","embeddable":true,"href":"https:\/\/tela-termica.net\/index.php\/wp-json\/wp\/v2\/tags?post=105"}],"curies":[{"name":"wp","href":"https:\/\/api.w.org\/{rel}","templated":true}]}}